{"id":1554,"date":"2026-02-14T14:46:37","date_gmt":"2026-02-14T13:46:37","guid":{"rendered":"https:\/\/lied-united.de\/?p=1554"},"modified":"2026-02-14T14:48:21","modified_gmt":"2026-02-14T13:48:21","slug":"lied-united-am-12-maerz-2026","status":"publish","type":"post","link":"https:\/\/lied-united.de\/?p=1554","title":{"rendered":"Lied United am 12. M\u00e4rz 2026"},"content":{"rendered":"\n<p><strong>Unser n\u00e4chstes Konzert findet am Donnerstag, den 12. M\u00e4rz 2026 in der <a href=\"https:\/\/loreley.bar\" target=\"_blank\" rel=\"noreferrer noopener\">Loreley<\/a> (Lindenstra\u00dfe 65, 50674 K\u00f6ln) statt.<\/strong><br><strong>Beginn ist um 20.00 Uhr (Einlass: 19.00 Uhr)<\/strong><\/p>\n\n\n\n<p><strong>Stimmungsvoller Songwriter-Abend mit Wurzeln im Indierock<\/strong><\/p>\n\n\n\n<p>Im M\u00e4rz sp\u00fcrt man schon, dass der Fr\u00fchling naht und da sprie\u00dfen nicht nur die Blumen aus dem Boden, sondern auch die neuen Alben wie es scheint. Mindestens zwei der drei Songwriter pr\u00e4sentieren in der M\u00e4rz-Show der K\u00f6lner Konzertreihe Lied United Songs aus ihren unmittelbar vor der Ver\u00f6ffentlichung stehenden Alben&#8230;<\/p>\n\n\n\n<p><strong><a href=\"https:\/\/dominik.wrana.info\/\" target=\"_blank\" rel=\"noreferrer noopener\">Dominik Wrana<\/a><\/strong><\/p>\n\n\n\n<figure class=\"wp-block-image size-large is-resized\"><img loading=\"lazy\" decoding=\"async\" width=\"769\" height=\"1024\" src=\"https:\/\/lied-united.de\/wp-content\/uploads\/2025\/12\/PM-Lied-United-Januar-2026-Wrana-769x1024.jpg\" alt=\"\" class=\"wp-image-1519\" style=\"aspect-ratio:0.7509820927503699;width:479px;height:auto\" srcset=\"https:\/\/lied-united.de\/wp-content\/uploads\/2025\/12\/PM-Lied-United-Januar-2026-Wrana-769x1024.jpg 769w, https:\/\/lied-united.de\/wp-content\/uploads\/2025\/12\/PM-Lied-United-Januar-2026-Wrana-375x500.jpg 375w, https:\/\/lied-united.de\/wp-content\/uploads\/2025\/12\/PM-Lied-United-Januar-2026-Wrana-768x1023.jpg 768w, https:\/\/lied-united.de\/wp-content\/uploads\/2025\/12\/PM-Lied-United-Januar-2026-Wrana-1153x1536.jpg 1153w, https:\/\/lied-united.de\/wp-content\/uploads\/2025\/12\/PM-Lied-United-Januar-2026-Wrana.jpg 1201w\" sizes=\"auto, (max-width: 769px) 100vw, 769px\" \/><\/figure>\n\n\n\n<p><br>Ob <strong>Dominik Wrana<\/strong> neues Material dabei hat, ist nicht klar, klar ist aber, dass die meisten Songs f\u00fcr das K\u00f6lner Publikum neu sind, musste er doch den Gig im Januar absagen, da er auf dem Weg zu Lied United mit dem Wagen liegen blieb. Der Mannheimer Musiker Wrana bewegt sich stilistisch zwischen Neunziger-Alternativ, 80er-Songs und Singer\/Songwriterballaden und beherrscht seine Gitarre mit traumwandlerisch anmutender Sicherheit. Alleinstellungsmerkmal aber ist seine tiefe und zuweilen raue Stimme, die definitiv in den Bann zieht.<br><\/p>\n\n\n\n<p><strong><a href=\"https:\/\/www.facebook.com\/Sven5vor12\/\" target=\"_blank\" rel=\"noreferrer noopener\">Sven Ca\u00dfebaum<\/a><\/strong><\/p>\n\n\n\n<figure class=\"wp-block-image size-large is-resized\"><img loading=\"lazy\" decoding=\"async\" width=\"1024\" height=\"1024\" src=\"https:\/\/lied-united.de\/wp-content\/uploads\/2026\/02\/PM-Lied-United-Maerz-2026-Cassebaum-1024x1024.jpg\" alt=\"\" class=\"wp-image-1559\" style=\"width:487px;height:auto\" srcset=\"https:\/\/lied-united.de\/wp-content\/uploads\/2026\/02\/PM-Lied-United-Maerz-2026-Cassebaum-1024x1024.jpg 1024w, https:\/\/lied-united.de\/wp-content\/uploads\/2026\/02\/PM-Lied-United-Maerz-2026-Cassebaum-500x500.jpg 500w, https:\/\/lied-united.de\/wp-content\/uploads\/2026\/02\/PM-Lied-United-Maerz-2026-Cassebaum-150x150.jpg 150w, https:\/\/lied-united.de\/wp-content\/uploads\/2026\/02\/PM-Lied-United-Maerz-2026-Cassebaum-768x768.jpg 768w, https:\/\/lied-united.de\/wp-content\/uploads\/2026\/02\/PM-Lied-United-Maerz-2026-Cassebaum.jpg 1181w\" sizes=\"auto, (max-width: 1024px) 100vw, 1024px\" \/><\/figure>\n\n\n\n<p><br><strong>Sven Ca\u00dfebaum<\/strong>, S\u00e4nger und Songwriter der K\u00f6lner Band <strong>5vor12<\/strong> spielt zusammen mit der WienerAkkordeonistin <strong>Julia Samhaber<\/strong> Songs aus seinem kommenden Soloalbum. Seitdem der Frontmann der bekannten Indierock-Band 5vor12 zuletzt nach Memphis flog, um im legend\u00e4ren SUN Studio (Elvis, Johnny Cash) aufzunehmen, hat die K\u00f6lner Rockband Gefallen an folkigem Akustiksound amerikanischer Pr\u00e4gung gefunden, der sich wohl auch auf Ca\u00dfebaums zeitnah erscheinendem ersten Soloalbum wiederfindet.<br><\/p>\n\n\n\n<p><strong><a href=\"https:\/\/www.facebook.com\/whoisafraid\/\" target=\"_blank\" rel=\"noreferrer noopener\">Who Is Afraid Of The Big Bad Wolf?<\/a><\/strong><\/p>\n\n\n\n<figure class=\"wp-block-image size-large is-resized\"><img loading=\"lazy\" decoding=\"async\" width=\"1024\" height=\"682\" src=\"https:\/\/lied-united.de\/wp-content\/uploads\/2026\/02\/PM-Lied-United-Maerz-2026-Wolf-1024x682.jpg\" alt=\"\" class=\"wp-image-1560\" style=\"width:554px;height:auto\" srcset=\"https:\/\/lied-united.de\/wp-content\/uploads\/2026\/02\/PM-Lied-United-Maerz-2026-Wolf-1024x682.jpg 1024w, https:\/\/lied-united.de\/wp-content\/uploads\/2026\/02\/PM-Lied-United-Maerz-2026-Wolf-500x333.jpg 500w, https:\/\/lied-united.de\/wp-content\/uploads\/2026\/02\/PM-Lied-United-Maerz-2026-Wolf-768x512.jpg 768w, https:\/\/lied-united.de\/wp-content\/uploads\/2026\/02\/PM-Lied-United-Maerz-2026-Wolf-1536x1024.jpg 1536w, https:\/\/lied-united.de\/wp-content\/uploads\/2026\/02\/PM-Lied-United-Maerz-2026-Wolf.jpg 1772w\" sizes=\"auto, (max-width: 1024px) 100vw, 1024px\" \/><\/figure>\n\n\n\n<p>Er\u00f6ffnet wird die Reihe im M\u00e4rz von <strong>Who Is Afraid Of The Big Bad Wolf?<\/strong>, der Band von Lied-United-Moderator <strong>Wolfgang A. Noethen<\/strong>. Der Singer\/Songwriter entwirft hochmelodi\u00f6se, wehm\u00fctige Indie-Folk-Songs mit strahlend sch\u00f6nen Melodien, mal alleine mit Gitarre, Banjo, Mundharmonika und Theremin, diesmal als Duo mit der Cellistin <strong>Hanna Beul<\/strong> und neuen Songs vom kommenden Album.<\/p>\n","protected":false},"excerpt":{"rendered":"<p>Unser n\u00e4chstes Konzert findet am Donnerstag, den 12. M\u00e4rz 2026 in der Loreley (Lindenstra\u00dfe 65, 50674 K\u00f6ln) statt.Beginn ist um 20.00 Uhr (Einlass: 19.00 Uhr) Stimmungsvoller Songwriter-Abend mit Wurzeln im Indierock Im M\u00e4rz sp\u00fcrt man schon, dass der Fr\u00fchling naht und da sprie\u00dfen nicht nur die Blumen aus dem Boden, sondern auch die neuen Alben &hellip; <a href=\"https:\/\/lied-united.de\/?p=1554\" class=\"more-link\"><span class=\"screen-reader-text\">Lied United am 12. M\u00e4rz 2026<\/span> weiterlesen<\/a><\/p>\n","protected":false},"author":1,"featured_media":0,"comment_status":"closed","ping_status":"open","sticky":false,"template":"","format":"standard","meta":{"footnotes":""},"categories":[153],"tags":[58,48,22],"class_list":["post-1554","post","type-post","status-publish","format-standard","hentry","category-konzerte-2026","tag-dominik-wrana","tag-sven-cassebaum","tag-who-is-afraid-of-the-big-bad-wolf"],"yoast_head":"<!-- This site is optimized with the Yoast SEO plugin v27.4 - https:\/\/yoast.com\/product\/yoast-seo-wordpress\/ -->\n<title>Lied United am 12. M\u00e4rz 2026 - Lied United<\/title>\n<meta name=\"robots\" content=\"index, follow, max-snippet:-1, max-image-preview:large, max-video-preview:-1\" \/>\n<link rel=\"canonical\" href=\"https:\/\/lied-united.de\/?p=1554\" \/>\n<meta property=\"og:locale\" content=\"de_DE\" \/>\n<meta property=\"og:type\" content=\"article\" \/>\n<meta property=\"og:title\" content=\"Lied United am 12. M\u00e4rz 2026 - Lied United\" \/>\n<meta property=\"og:description\" content=\"Unser n\u00e4chstes Konzert findet am Donnerstag, den 12. M\u00e4rz 2026 in der Loreley (Lindenstra\u00dfe 65, 50674 K\u00f6ln) statt.Beginn ist um 20.00 Uhr (Einlass: 19.00 Uhr) Stimmungsvoller Songwriter-Abend mit Wurzeln im Indierock Im M\u00e4rz sp\u00fcrt man schon, dass der Fr\u00fchling naht und da sprie\u00dfen nicht nur die Blumen aus dem Boden, sondern auch die neuen Alben &hellip; Lied United am 12. M\u00e4rz 2026 weiterlesen\" \/>\n<meta property=\"og:url\" content=\"https:\/\/lied-united.de\/?p=1554\" \/>\n<meta property=\"og:site_name\" content=\"Lied United\" \/>\n<meta property=\"article:publisher\" content=\"http:\/\/www.facebook.com\/liedunited\" \/>\n<meta property=\"article:published_time\" content=\"2026-02-14T13:46:37+00:00\" \/>\n<meta property=\"article:modified_time\" content=\"2026-02-14T13:48:21+00:00\" \/>\n<meta property=\"og:image\" content=\"https:\/\/lied-united.de\/wp-content\/uploads\/2025\/12\/PM-Lied-United-Januar-2026-Wrana.jpg\" \/>\n\t<meta property=\"og:image:width\" content=\"1201\" \/>\n\t<meta property=\"og:image:height\" content=\"1600\" \/>\n\t<meta property=\"og:image:type\" content=\"image\/jpeg\" \/>\n<meta name=\"author\" content=\"Markus A.\" \/>\n<meta name=\"twitter:card\" content=\"summary_large_image\" \/>\n<meta name=\"twitter:label1\" content=\"Verfasst von\" \/>\n\t<meta name=\"twitter:data1\" content=\"Markus A.\" \/>\n\t<meta name=\"twitter:label2\" content=\"Gesch\u00e4tzte Lesezeit\" \/>\n\t<meta name=\"twitter:data2\" content=\"3\u00a0Minuten\" \/>\n<script type=\"application\/ld+json\" class=\"yoast-schema-graph\">{\"@context\":\"https:\\\/\\\/schema.org\",\"@graph\":[{\"@type\":\"Article\",\"@id\":\"https:\\\/\\\/lied-united.de\\\/?p=1554#article\",\"isPartOf\":{\"@id\":\"https:\\\/\\\/lied-united.de\\\/?p=1554\"},\"author\":{\"name\":\"Markus A.\",\"@id\":\"https:\\\/\\\/lied-united.de\\\/#\\\/schema\\\/person\\\/7b3d711c08f021164d0fdfac51851ba3\"},\"headline\":\"Lied United am 12. M\u00e4rz 2026\",\"datePublished\":\"2026-02-14T13:46:37+00:00\",\"dateModified\":\"2026-02-14T13:48:21+00:00\",\"mainEntityOfPage\":{\"@id\":\"https:\\\/\\\/lied-united.de\\\/?p=1554\"},\"wordCount\":318,\"image\":{\"@id\":\"https:\\\/\\\/lied-united.de\\\/?p=1554#primaryimage\"},\"thumbnailUrl\":\"https:\\\/\\\/lied-united.de\\\/wp-content\\\/uploads\\\/2025\\\/12\\\/PM-Lied-United-Januar-2026-Wrana-769x1024.jpg\",\"keywords\":[\"Dominik Wrana\",\"Sven Ca\u00dfebaum\",\"Who is afraid of the big bad Wolf?\"],\"articleSection\":[\"Konzerte 2026\"],\"inLanguage\":\"de\"},{\"@type\":\"WebPage\",\"@id\":\"https:\\\/\\\/lied-united.de\\\/?p=1554\",\"url\":\"https:\\\/\\\/lied-united.de\\\/?p=1554\",\"name\":\"Lied United am 12. M\u00e4rz 2026 - Lied United\",\"isPartOf\":{\"@id\":\"https:\\\/\\\/lied-united.de\\\/#website\"},\"primaryImageOfPage\":{\"@id\":\"https:\\\/\\\/lied-united.de\\\/?p=1554#primaryimage\"},\"image\":{\"@id\":\"https:\\\/\\\/lied-united.de\\\/?p=1554#primaryimage\"},\"thumbnailUrl\":\"https:\\\/\\\/lied-united.de\\\/wp-content\\\/uploads\\\/2025\\\/12\\\/PM-Lied-United-Januar-2026-Wrana-769x1024.jpg\",\"datePublished\":\"2026-02-14T13:46:37+00:00\",\"dateModified\":\"2026-02-14T13:48:21+00:00\",\"author\":{\"@id\":\"https:\\\/\\\/lied-united.de\\\/#\\\/schema\\\/person\\\/7b3d711c08f021164d0fdfac51851ba3\"},\"breadcrumb\":{\"@id\":\"https:\\\/\\\/lied-united.de\\\/?p=1554#breadcrumb\"},\"inLanguage\":\"de\",\"potentialAction\":[{\"@type\":\"ReadAction\",\"target\":[\"https:\\\/\\\/lied-united.de\\\/?p=1554\"]}]},{\"@type\":\"ImageObject\",\"inLanguage\":\"de\",\"@id\":\"https:\\\/\\\/lied-united.de\\\/?p=1554#primaryimage\",\"url\":\"https:\\\/\\\/lied-united.de\\\/wp-content\\\/uploads\\\/2025\\\/12\\\/PM-Lied-United-Januar-2026-Wrana.jpg\",\"contentUrl\":\"https:\\\/\\\/lied-united.de\\\/wp-content\\\/uploads\\\/2025\\\/12\\\/PM-Lied-United-Januar-2026-Wrana.jpg\",\"width\":1201,\"height\":1600},{\"@type\":\"BreadcrumbList\",\"@id\":\"https:\\\/\\\/lied-united.de\\\/?p=1554#breadcrumb\",\"itemListElement\":[{\"@type\":\"ListItem\",\"position\":1,\"name\":\"Startseite\",\"item\":\"https:\\\/\\\/lied-united.de\\\/\"},{\"@type\":\"ListItem\",\"position\":2,\"name\":\"Lied United am 12. M\u00e4rz 2026\"}]},{\"@type\":\"WebSite\",\"@id\":\"https:\\\/\\\/lied-united.de\\\/#website\",\"url\":\"https:\\\/\\\/lied-united.de\\\/\",\"name\":\"Lied United\",\"description\":\"Die Reihe f\u00fcr akustisches Liedgut\",\"potentialAction\":[{\"@type\":\"SearchAction\",\"target\":{\"@type\":\"EntryPoint\",\"urlTemplate\":\"https:\\\/\\\/lied-united.de\\\/?s={search_term_string}\"},\"query-input\":{\"@type\":\"PropertyValueSpecification\",\"valueRequired\":true,\"valueName\":\"search_term_string\"}}],\"inLanguage\":\"de\"},{\"@type\":\"Person\",\"@id\":\"https:\\\/\\\/lied-united.de\\\/#\\\/schema\\\/person\\\/7b3d711c08f021164d0fdfac51851ba3\",\"name\":\"Markus A.\",\"image\":{\"@type\":\"ImageObject\",\"inLanguage\":\"de\",\"@id\":\"https:\\\/\\\/secure.gravatar.com\\\/avatar\\\/3f4f0c055f0f0aea77074ed87fcd605c7c51bd6f36e55589e86987c8843015ba?s=96&d=mm&r=g\",\"url\":\"https:\\\/\\\/secure.gravatar.com\\\/avatar\\\/3f4f0c055f0f0aea77074ed87fcd605c7c51bd6f36e55589e86987c8843015ba?s=96&d=mm&r=g\",\"contentUrl\":\"https:\\\/\\\/secure.gravatar.com\\\/avatar\\\/3f4f0c055f0f0aea77074ed87fcd605c7c51bd6f36e55589e86987c8843015ba?s=96&d=mm&r=g\",\"caption\":\"Markus A.\"}}]}<\/script>\n<!-- \/ Yoast SEO plugin. -->","yoast_head_json":{"title":"Lied United am 12. M\u00e4rz 2026 - Lied United","robots":{"index":"index","follow":"follow","max-snippet":"max-snippet:-1","max-image-preview":"max-image-preview:large","max-video-preview":"max-video-preview:-1"},"canonical":"https:\/\/lied-united.de\/?p=1554","og_locale":"de_DE","og_type":"article","og_title":"Lied United am 12. M\u00e4rz 2026 - Lied United","og_description":"Unser n\u00e4chstes Konzert findet am Donnerstag, den 12. M\u00e4rz 2026 in der Loreley (Lindenstra\u00dfe 65, 50674 K\u00f6ln) statt.Beginn ist um 20.00 Uhr (Einlass: 19.00 Uhr) Stimmungsvoller Songwriter-Abend mit Wurzeln im Indierock Im M\u00e4rz sp\u00fcrt man schon, dass der Fr\u00fchling naht und da sprie\u00dfen nicht nur die Blumen aus dem Boden, sondern auch die neuen Alben &hellip; Lied United am 12. M\u00e4rz 2026 weiterlesen","og_url":"https:\/\/lied-united.de\/?p=1554","og_site_name":"Lied United","article_publisher":"http:\/\/www.facebook.com\/liedunited","article_published_time":"2026-02-14T13:46:37+00:00","article_modified_time":"2026-02-14T13:48:21+00:00","og_image":[{"width":1201,"height":1600,"url":"https:\/\/lied-united.de\/wp-content\/uploads\/2025\/12\/PM-Lied-United-Januar-2026-Wrana.jpg","type":"image\/jpeg"}],"author":"Markus A.","twitter_card":"summary_large_image","twitter_misc":{"Verfasst von":"Markus A.","Gesch\u00e4tzte Lesezeit":"3\u00a0Minuten"},"schema":{"@context":"https:\/\/schema.org","@graph":[{"@type":"Article","@id":"https:\/\/lied-united.de\/?p=1554#article","isPartOf":{"@id":"https:\/\/lied-united.de\/?p=1554"},"author":{"name":"Markus A.","@id":"https:\/\/lied-united.de\/#\/schema\/person\/7b3d711c08f021164d0fdfac51851ba3"},"headline":"Lied United am 12. M\u00e4rz 2026","datePublished":"2026-02-14T13:46:37+00:00","dateModified":"2026-02-14T13:48:21+00:00","mainEntityOfPage":{"@id":"https:\/\/lied-united.de\/?p=1554"},"wordCount":318,"image":{"@id":"https:\/\/lied-united.de\/?p=1554#primaryimage"},"thumbnailUrl":"https:\/\/lied-united.de\/wp-content\/uploads\/2025\/12\/PM-Lied-United-Januar-2026-Wrana-769x1024.jpg","keywords":["Dominik Wrana","Sven Ca\u00dfebaum","Who is afraid of the big bad Wolf?"],"articleSection":["Konzerte 2026"],"inLanguage":"de"},{"@type":"WebPage","@id":"https:\/\/lied-united.de\/?p=1554","url":"https:\/\/lied-united.de\/?p=1554","name":"Lied United am 12. M\u00e4rz 2026 - Lied United","isPartOf":{"@id":"https:\/\/lied-united.de\/#website"},"primaryImageOfPage":{"@id":"https:\/\/lied-united.de\/?p=1554#primaryimage"},"image":{"@id":"https:\/\/lied-united.de\/?p=1554#primaryimage"},"thumbnailUrl":"https:\/\/lied-united.de\/wp-content\/uploads\/2025\/12\/PM-Lied-United-Januar-2026-Wrana-769x1024.jpg","datePublished":"2026-02-14T13:46:37+00:00","dateModified":"2026-02-14T13:48:21+00:00","author":{"@id":"https:\/\/lied-united.de\/#\/schema\/person\/7b3d711c08f021164d0fdfac51851ba3"},"breadcrumb":{"@id":"https:\/\/lied-united.de\/?p=1554#breadcrumb"},"inLanguage":"de","potentialAction":[{"@type":"ReadAction","target":["https:\/\/lied-united.de\/?p=1554"]}]},{"@type":"ImageObject","inLanguage":"de","@id":"https:\/\/lied-united.de\/?p=1554#primaryimage","url":"https:\/\/lied-united.de\/wp-content\/uploads\/2025\/12\/PM-Lied-United-Januar-2026-Wrana.jpg","contentUrl":"https:\/\/lied-united.de\/wp-content\/uploads\/2025\/12\/PM-Lied-United-Januar-2026-Wrana.jpg","width":1201,"height":1600},{"@type":"BreadcrumbList","@id":"https:\/\/lied-united.de\/?p=1554#breadcrumb","itemListElement":[{"@type":"ListItem","position":1,"name":"Startseite","item":"https:\/\/lied-united.de\/"},{"@type":"ListItem","position":2,"name":"Lied United am 12. M\u00e4rz 2026"}]},{"@type":"WebSite","@id":"https:\/\/lied-united.de\/#website","url":"https:\/\/lied-united.de\/","name":"Lied United","description":"Die Reihe f\u00fcr akustisches Liedgut","potentialAction":[{"@type":"SearchAction","target":{"@type":"EntryPoint","urlTemplate":"https:\/\/lied-united.de\/?s={search_term_string}"},"query-input":{"@type":"PropertyValueSpecification","valueRequired":true,"valueName":"search_term_string"}}],"inLanguage":"de"},{"@type":"Person","@id":"https:\/\/lied-united.de\/#\/schema\/person\/7b3d711c08f021164d0fdfac51851ba3","name":"Markus A.","image":{"@type":"ImageObject","inLanguage":"de","@id":"https:\/\/secure.gravatar.com\/avatar\/3f4f0c055f0f0aea77074ed87fcd605c7c51bd6f36e55589e86987c8843015ba?s=96&d=mm&r=g","url":"https:\/\/secure.gravatar.com\/avatar\/3f4f0c055f0f0aea77074ed87fcd605c7c51bd6f36e55589e86987c8843015ba?s=96&d=mm&r=g","contentUrl":"https:\/\/secure.gravatar.com\/avatar\/3f4f0c055f0f0aea77074ed87fcd605c7c51bd6f36e55589e86987c8843015ba?s=96&d=mm&r=g","caption":"Markus A."}}]}},"_links":{"self":[{"href":"https:\/\/lied-united.de\/index.php?rest_route=\/wp\/v2\/posts\/1554","targetHints":{"allow":["GET"]}}],"collection":[{"href":"https:\/\/lied-united.de\/index.php?rest_route=\/wp\/v2\/posts"}],"about":[{"href":"https:\/\/lied-united.de\/index.php?rest_route=\/wp\/v2\/types\/post"}],"author":[{"embeddable":true,"href":"https:\/\/lied-united.de\/index.php?rest_route=\/wp\/v2\/users\/1"}],"replies":[{"embeddable":true,"href":"https:\/\/lied-united.de\/index.php?rest_route=%2Fwp%2Fv2%2Fcomments&post=1554"}],"version-history":[{"count":7,"href":"https:\/\/lied-united.de\/index.php?rest_route=\/wp\/v2\/posts\/1554\/revisions"}],"predecessor-version":[{"id":1564,"href":"https:\/\/lied-united.de\/index.php?rest_route=\/wp\/v2\/posts\/1554\/revisions\/1564"}],"wp:attachment":[{"href":"https:\/\/lied-united.de\/index.php?rest_route=%2Fwp%2Fv2%2Fmedia&parent=1554"}],"wp:term":[{"taxonomy":"category","embeddable":true,"href":"https:\/\/lied-united.de\/index.php?rest_route=%2Fwp%2Fv2%2Fcategories&post=1554"},{"taxonomy":"post_tag","embeddable":true,"href":"https:\/\/lied-united.de\/index.php?rest_route=%2Fwp%2Fv2%2Ftags&post=1554"}],"curies":[{"name":"wp","href":"https:\/\/api.w.org\/{rel}","templated":true}]}}